{"id":49,"date":"2014-03-28T12:09:41","date_gmt":"2014-03-28T12:09:41","guid":{"rendered":"http:\/\/rpphotographyes.webcindario.com\/?p=49"},"modified":"2014-11-12T12:48:51","modified_gmt":"2014-11-12T11:48:51","slug":"el-corte-ingles","status":"publish","type":"post","link":"https:\/\/www.gruasbonet.es\/?p=49","title":{"rendered":"El corte Ingles"},"content":{"rendered":"<p>Subida de climatizadores el corte ingles<\/p>\n","protected":false},"excerpt":{"rendered":"<p>Subida de climatizadores el corte ingles<\/p>\n","protected":false},"author":1,"featured_media":48,"comment_status":"open","ping_status":"open","sticky":false,"template":"","format":"standard","meta":{"jetpack_post_was_ever_published":false,"footnotes":"","jetpack_publicize_message":"","jetpack_is_tweetstorm":false,"jetpack_publicize_feature_enabled":true},"categories":[1],"tags":[],"class_list":["post-49","post","type-post","status-publish","format-standard","has-post-thumbnail","hentry","category-sin-categoria"],"jetpack_publicize_connections":[],"jetpack_featured_media_url":"https:\/\/www.gruasbonet.es\/wp-content\/uploads\/2014\/03\/000_0346-copia1.jpg","jetpack_sharing_enabled":true,"jetpack_shortlink":"https:\/\/wp.me\/p5kur1-N","jetpack-related-posts":[{"id":2776,"url":"https:\/\/www.gruasbonet.es\/?p=2776","url_meta":{"origin":49,"position":0},"title":"Desmontaje puente de Manises sobre la A-3","date":"21 agosto, 2015","format":"gallery","excerpt":"El pasado mi\u00e9rcoles d\u00eda 19, se procedi\u00f3 al desmontaje del puente sobre la A-3 a la altura de Manises, compuesto por 12 vigas de 23 metros y 70 toneladas de peso, y otras 6 vigas de 12 metros de longitud y 35 toneladas de peso. El corte de carretera comenz\u00f3\u2026","rel":"","context":"En \u00abproyectos realizados\u00bb","img":{"alt_text":"","src":"https:\/\/i0.wp.com\/www.gruasbonet.es\/wp-content\/uploads\/2015\/08\/570.png?resize=350%2C200&ssl=1","width":350,"height":200},"classes":[]},{"id":2699,"url":"https:\/\/www.gruasbonet.es\/?p=2699","url_meta":{"origin":49,"position":1},"title":"Ensamblan el hormig\u00f3n para \u2018resucitar\u2019 la figura de Ripoll\u00e9s","date":"20 noviembre, 2014","format":"link","excerpt":"\u00a0 Ensamblan el hormig\u00f3n para \u2018resucitar\u2019 la figura de Ripoll\u00e9s ( El Peri\u00f3dico Mediterraneo - 20\/11\/2014 )","rel":"","context":"En \u00abSin categor\u00eda\u00bb","img":{"alt_text":"","src":"https:\/\/i0.wp.com\/zetaestaticos.com\/mediterraneo\/img\/noticias\/0\/905\/905957_1.jpg?resize=350%2C200","width":350,"height":200},"classes":[]},{"id":42,"url":"https:\/\/www.gruasbonet.es\/?p=42","url_meta":{"origin":49,"position":2},"title":"Rescate de ballena","date":"28 marzo, 2014","format":"gallery","excerpt":"El rescate por parte de GRUAS BONET\u00a0 de la ballena varada en Puerto de Valencia, se convirti\u00f3 en una maniobra m\u00e1s delicada de lo que se pod\u00eda esperar a priori. Tras comprobar el estado de la misma, se tuvo que realizar una embragada doble con cintas anchas, ya que se\u2026","rel":"","context":"En \u00abSin categor\u00eda\u00bb","img":{"alt_text":"","src":"https:\/\/i0.wp.com\/www.gruasbonet.es\/wp-content\/uploads\/2014\/03\/IMG_7521-e1415796899166.jpg?resize=350%2C200&ssl=1","width":350,"height":200},"classes":[]},{"id":3402,"url":"https:\/\/www.gruasbonet.es\/?p=3402","url_meta":{"origin":49,"position":3},"title":"Oferta de Empleo.","date":"3 marzo, 2022","format":false,"excerpt":"El grupo Bonet, en su nueva ampliaci\u00f3n de flota, oferta nuevas plazas de empleo en los diversos departamentos descritos a continuaci\u00f3n: 5 plazas de operador de gr\u00faa m\u00f3vil autopropulsada.* ***5 plazas de operador de gr\u00faa hidr\u00e1ulica articulada.** ***3 plazas de conductor\/mec\u00e1nico de transporte especial.***2 plazas de mec\u00e1nico. 10 plazas de\u2026","rel":"","context":"En \u00abSin categor\u00eda\u00bb","img":{"alt_text":"","src":"https:\/\/i0.wp.com\/www.gruasbonet.es\/wp-content\/uploads\/2014\/10\/logoweb21.png?resize=350%2C200&ssl=1","width":350,"height":200},"classes":[]},{"id":39,"url":"https:\/\/www.gruasbonet.es\/?p=39","url_meta":{"origin":49,"position":4},"title":"Un poco de historia","date":"28 marzo, 2014","format":"gallery","excerpt":"D. Alonso Bonet funda Gruas Bonet en el a\u00f1o 1957. \u00a0Sus comienzos fueron \u00a0en un peque\u00f1o taller, dedicado a la reconstrucci\u00f3n y reparaci\u00f3n de autom\u00f3viles, y vi\u00e9ndose en la necesidad de transportar estos veh\u00edculos hasta su taller, procedi\u00f3 a transformar un veh\u00edculo en gr\u00faa de remolcar siendo los or\u00edgenes de\u2026","rel":"","context":"En \u00abSin categor\u00eda\u00bb","img":{"alt_text":"","src":"https:\/\/i0.wp.com\/www.gruasbonet.es\/wp-content\/uploads\/2014\/03\/REO-MONTANDO-SILOS1.jpg?resize=350%2C200&ssl=1","width":350,"height":200},"classes":[]},{"id":3389,"url":"https:\/\/www.gruasbonet.es\/?p=3389","url_meta":{"origin":49,"position":5},"title":"DIGITALIZA-CV &#8211; SUBVENCIONES PARA PROYECTOS DE DIGITALIZACI\u00d3N DE PYME 2021","date":"3 marzo, 2022","format":false,"excerpt":"Proyecto cofinanciado por la Uni\u00f3n Europea a trav\u00e9s del Fondo Europeo de Desarrollo Regional, dentro del Programa Operativo de la Comunidad Valenciana 2014-2020","rel":"","context":"En \u00abLatest News\u00bb","img":{"alt_text":"","src":"","width":0,"height":0},"classes":[]}],"jetpack_likes_enabled":true,"_links":{"self":[{"href":"https:\/\/www.gruasbonet.es\/index.php?rest_route=\/wp\/v2\/posts\/49","targetHints":{"allow":["GET"]}}],"collection":[{"href":"https:\/\/www.gruasbonet.es\/index.php?rest_route=\/wp\/v2\/posts"}],"about":[{"href":"https:\/\/www.gruasbonet.es\/index.php?rest_route=\/wp\/v2\/types\/post"}],"author":[{"embeddable":true,"href":"https:\/\/www.gruasbonet.es\/index.php?rest_route=\/wp\/v2\/users\/1"}],"replies":[{"embeddable":true,"href":"https:\/\/www.gruasbonet.es\/index.php?rest_route=%2Fwp%2Fv2%2Fcomments&post=49"}],"version-history":[{"count":1,"href":"https:\/\/www.gruasbonet.es\/index.php?rest_route=\/wp\/v2\/posts\/49\/revisions"}],"predecessor-version":[{"id":2497,"href":"https:\/\/www.gruasbonet.es\/index.php?rest_route=\/wp\/v2\/posts\/49\/revisions\/2497"}],"wp:featuredmedia":[{"embeddable":true,"href":"https:\/\/www.gruasbonet.es\/index.php?rest_route=\/wp\/v2\/media\/48"}],"wp:attachment":[{"href":"https:\/\/www.gruasbonet.es\/index.php?rest_route=%2Fwp%2Fv2%2Fmedia&parent=49"}],"wp:term":[{"taxonomy":"category","embeddable":true,"href":"https:\/\/www.gruasbonet.es\/index.php?rest_route=%2Fwp%2Fv2%2Fcategories&post=49"},{"taxonomy":"post_tag","embeddable":true,"href":"https:\/\/www.gruasbonet.es\/index.php?rest_route=%2Fwp%2Fv2%2Ftags&post=49"}],"curies":[{"name":"wp","href":"https:\/\/api.w.org\/{rel}","templated":true}]}}