{"id":42,"date":"2014-03-28T11:59:39","date_gmt":"2014-03-28T11:59:39","guid":{"rendered":"http:\/\/rpphotographyes.webcindario.com\/?p=42"},"modified":"2014-11-15T08:41:56","modified_gmt":"2014-11-15T07:41:56","slug":"ballena","status":"publish","type":"post","link":"https:\/\/www.gruasbonet.es\/?p=42","title":{"rendered":"Rescate de ballena"},"content":{"rendered":"<p>El rescate por parte de <em><strong>GRUAS BONET\u00a0 <\/strong><\/em>de la ballena varada en Puerto de Valencia, se convirti\u00f3 en una maniobra m\u00e1s delicada de lo que se pod\u00eda esperar a priori. Tras comprobar el estado de la misma, se tuvo que realizar una embragada doble con cintas anchas, ya que se corr\u00eda el peligro de que se deshiciera el cuerpo del cet\u00e1ceo, lo que complicar\u00eda a\u00fan m\u00e1s el rescate del cuerpo del mismo.\u00a0 Una vez sobre el transporte, se procedi\u00f3 a cubrir el cet\u00e1ceo con unas lonas, para mantener el cuerpo \u00abde una pieza\u00bb, y poder llevarlo a analizar. Tras retirar los bi\u00f3logos las muestras necesarias, se transport\u00f3 a Grupo Gess, para que se hicieran cargo del resto del organismo, para el procesamiento del residuo.<\/p>\n<p>&nbsp;<\/p>\n","protected":false},"excerpt":{"rendered":"<p>El rescate por parte de GRUAS BONET\u00a0 de la ballena varada en Puerto de Valencia, se convirti\u00f3 en una maniobra m\u00e1s delicada de lo que se pod\u00eda esperar a priori. Tras comprobar el estado de la misma, se tuvo que realizar una embragada doble con cintas anchas, ya que se corr\u00eda el peligro de que [&hellip;]<\/p>\n","protected":false},"author":1,"featured_media":2504,"comment_status":"closed","ping_status":"open","sticky":false,"template":"","format":"gallery","meta":{"jetpack_post_was_ever_published":false,"footnotes":"","jetpack_publicize_message":"","jetpack_is_tweetstorm":false,"jetpack_publicize_feature_enabled":true},"categories":[1],"tags":[],"class_list":["post-42","post","type-post","status-publish","format-gallery","has-post-thumbnail","hentry","category-sin-categoria","post_format-post-format-gallery"],"jetpack_publicize_connections":[],"jetpack_featured_media_url":"https:\/\/www.gruasbonet.es\/wp-content\/uploads\/2014\/03\/IMG_7521-e1415796899166.jpg","jetpack_sharing_enabled":true,"jetpack_shortlink":"https:\/\/wp.me\/s5kur1-ballena","jetpack-related-posts":[{"id":39,"url":"https:\/\/www.gruasbonet.es\/?p=39","url_meta":{"origin":42,"position":0},"title":"Un poco de historia","date":"28 marzo, 2014","format":"gallery","excerpt":"D. Alonso Bonet funda Gruas Bonet en el a\u00f1o 1957. \u00a0Sus comienzos fueron \u00a0en un peque\u00f1o taller, dedicado a la reconstrucci\u00f3n y reparaci\u00f3n de autom\u00f3viles, y vi\u00e9ndose en la necesidad de transportar estos veh\u00edculos hasta su taller, procedi\u00f3 a transformar un veh\u00edculo en gr\u00faa de remolcar siendo los or\u00edgenes de\u2026","rel":"","context":"En \u00abSin categor\u00eda\u00bb","img":{"alt_text":"","src":"https:\/\/i0.wp.com\/www.gruasbonet.es\/wp-content\/uploads\/2014\/03\/REO-MONTANDO-SILOS1.jpg?resize=350%2C200&ssl=1","width":350,"height":200},"classes":[]},{"id":2776,"url":"https:\/\/www.gruasbonet.es\/?p=2776","url_meta":{"origin":42,"position":1},"title":"Desmontaje puente de Manises sobre la A-3","date":"21 agosto, 2015","format":"gallery","excerpt":"El pasado mi\u00e9rcoles d\u00eda 19, se procedi\u00f3 al desmontaje del puente sobre la A-3 a la altura de Manises, compuesto por 12 vigas de 23 metros y 70 toneladas de peso, y otras 6 vigas de 12 metros de longitud y 35 toneladas de peso. El corte de carretera comenz\u00f3\u2026","rel":"","context":"En \u00abproyectos realizados\u00bb","img":{"alt_text":"","src":"https:\/\/i0.wp.com\/www.gruasbonet.es\/wp-content\/uploads\/2015\/08\/570.png?resize=350%2C200&ssl=1","width":350,"height":200},"classes":[]},{"id":2260,"url":"https:\/\/www.gruasbonet.es\/?p=2260","url_meta":{"origin":42,"position":2},"title":"colocaci\u00f3n de prefabricado Eliseo pla","date":"31 octubre, 2014","format":"gallery","excerpt":"Tras estudiar los trabajos a ejecutar en la obra de Eliseo Pla, se colocaron las placas de forjado de 3,5 t. de peso, salvando el enjambre de vigas existentes, con la ayuda de una autocargante con plataforma para poder colocarlas dentro de la obra, y que en colaboraci\u00f3n la gr\u00faa\u2026","rel":"","context":"En \u00abeliseo pla\u00bb","img":{"alt_text":"","src":"https:\/\/i0.wp.com\/www.gruasbonet.es\/wp-content\/uploads\/2014\/10\/20141017_1204371-e1415793792338.jpg?resize=350%2C200&ssl=1","width":350,"height":200},"classes":[]},{"id":3402,"url":"https:\/\/www.gruasbonet.es\/?p=3402","url_meta":{"origin":42,"position":3},"title":"Oferta de Empleo.","date":"3 marzo, 2022","format":false,"excerpt":"El grupo Bonet, en su nueva ampliaci\u00f3n de flota, oferta nuevas plazas de empleo en los diversos departamentos descritos a continuaci\u00f3n: 5 plazas de operador de gr\u00faa m\u00f3vil autopropulsada.* ***5 plazas de operador de gr\u00faa hidr\u00e1ulica articulada.** ***3 plazas de conductor\/mec\u00e1nico de transporte especial.***2 plazas de mec\u00e1nico. 10 plazas de\u2026","rel":"","context":"En \u00abSin categor\u00eda\u00bb","img":{"alt_text":"","src":"https:\/\/i0.wp.com\/www.gruasbonet.es\/wp-content\/uploads\/2014\/10\/logoweb21.png?resize=350%2C200&ssl=1","width":350,"height":200},"classes":[]},{"id":2964,"url":"https:\/\/www.gruasbonet.es\/?p=2964","url_meta":{"origin":42,"position":4},"title":"Montaje de vigas de 45 metros para Construcciones Eliseo Pla","date":"16 febrero, 2018","format":"video","excerpt":"A continuaci\u00f3n os dejo un video realizado Por construcciones Eliseo Pla, en el que montamos unas vigas de 45 metros de largas y 80 toneladas de peso.","rel":"","context":"En \u00abproyectos realizados\u00bb","img":{"alt_text":"","src":"","width":0,"height":0},"classes":[]},{"id":2699,"url":"https:\/\/www.gruasbonet.es\/?p=2699","url_meta":{"origin":42,"position":5},"title":"Ensamblan el hormig\u00f3n para \u2018resucitar\u2019 la figura de Ripoll\u00e9s","date":"20 noviembre, 2014","format":"link","excerpt":"\u00a0 Ensamblan el hormig\u00f3n para \u2018resucitar\u2019 la figura de Ripoll\u00e9s ( El Peri\u00f3dico Mediterraneo - 20\/11\/2014 )","rel":"","context":"En \u00abSin categor\u00eda\u00bb","img":{"alt_text":"","src":"https:\/\/i0.wp.com\/zetaestaticos.com\/mediterraneo\/img\/noticias\/0\/905\/905957_1.jpg?resize=350%2C200","width":350,"height":200},"classes":[]}],"jetpack_likes_enabled":true,"_links":{"self":[{"href":"https:\/\/www.gruasbonet.es\/index.php?rest_route=\/wp\/v2\/posts\/42","targetHints":{"allow":["GET"]}}],"collection":[{"href":"https:\/\/www.gruasbonet.es\/index.php?rest_route=\/wp\/v2\/posts"}],"about":[{"href":"https:\/\/www.gruasbonet.es\/index.php?rest_route=\/wp\/v2\/types\/post"}],"author":[{"embeddable":true,"href":"https:\/\/www.gruasbonet.es\/index.php?rest_route=\/wp\/v2\/users\/1"}],"replies":[{"embeddable":true,"href":"https:\/\/www.gruasbonet.es\/index.php?rest_route=%2Fwp%2Fv2%2Fcomments&post=42"}],"version-history":[{"count":4,"href":"https:\/\/www.gruasbonet.es\/index.php?rest_route=\/wp\/v2\/posts\/42\/revisions"}],"predecessor-version":[{"id":2606,"href":"https:\/\/www.gruasbonet.es\/index.php?rest_route=\/wp\/v2\/posts\/42\/revisions\/2606"}],"wp:featuredmedia":[{"embeddable":true,"href":"https:\/\/www.gruasbonet.es\/index.php?rest_route=\/wp\/v2\/media\/2504"}],"wp:attachment":[{"href":"https:\/\/www.gruasbonet.es\/index.php?rest_route=%2Fwp%2Fv2%2Fmedia&parent=42"}],"wp:term":[{"taxonomy":"category","embeddable":true,"href":"https:\/\/www.gruasbonet.es\/index.php?rest_route=%2Fwp%2Fv2%2Fcategories&post=42"},{"taxonomy":"post_tag","embeddable":true,"href":"https:\/\/www.gruasbonet.es\/index.php?rest_route=%2Fwp%2Fv2%2Ftags&post=42"}],"curies":[{"name":"wp","href":"https:\/\/api.w.org\/{rel}","templated":true}]}}