{"id":2776,"date":"2015-08-21T12:28:19","date_gmt":"2015-08-21T11:28:19","guid":{"rendered":"http:\/\/www.gruasbonet.es\/?p=2776"},"modified":"2015-08-21T12:57:06","modified_gmt":"2015-08-21T11:57:06","slug":"desmontaje-puente-de-manises-sobre-la-a-3","status":"publish","type":"post","link":"https:\/\/www.gruasbonet.es\/?p=2776","title":{"rendered":"Desmontaje puente de Manises sobre la A-3"},"content":{"rendered":"<p>El pasado mi\u00e9rcoles d\u00eda 19, se procedi\u00f3 al desmontaje del puente sobre la A-3 a la altura de Manises, compuesto por 12 vigas de 23 metros y 70 toneladas de peso, y otras 6 vigas de 12 metros de longitud y 35 toneladas de peso. El corte de carretera comenz\u00f3 a las 21:00, quedando el trafico restringido en ambos sentidos de la circulaci\u00f3n, hasta las 06:00 del d\u00eda 20 de agosto, que se restableci\u00f3 por completo. Para el desmontaje de las vigas se utiliz\u00f3 una unidad LIEBHERR LTM-1500.8.1 de <a href=\"http:\/\/www.gruasbonet.es\" target=\"_blank\">GRUAS BONET<\/a>, as\u00ed como dos Dolly procedente de <a href=\"http:\/\/www.dotahur.es\" target=\"_blank\">transportes dotahur<\/a>, y una plataforma extensible de <a href=\"http:\/\/www.gruasalapont.com\" target=\"_blank\">GRUAS ALAPONT<\/a>.<\/p>\n<p>Dar las gracias tanto a <a href=\"http:\/\/www.demolicionescordoba.es\" target=\"_blank\">DEMOLICIONES CORDOBA<\/a>, por su confianza depositada en nuestra empresa, as\u00ed como a nuestros colaboradores, DOTAHUR y <a href=\"https:\/\/twitter.com\/gruasalapont\" target=\"_blank\">GRUAS ALAPONT<\/a>, por sus servicios prestados.<\/p>\n<p>&nbsp;<\/p>\n<p><span class=\"embed-youtube\" style=\"text-align:center; display: block;\"><iframe loading=\"lazy\" class=\"youtube-player\" width=\"1060\" height=\"597\" src=\"https:\/\/www.youtube.com\/embed\/DKP4qvoJUoM?version=3&#038;rel=1&#038;showsearch=0&#038;showinfo=1&#038;iv_load_policy=1&#038;fs=1&#038;hl=es-ES&#038;autohide=2&#038;wmode=transparent\" allowfullscreen=\"true\" style=\"border:0;\" sandbox=\"allow-scripts allow-same-origin allow-popups allow-presentation\"><\/iframe><\/span><\/p>\n","protected":false},"excerpt":{"rendered":"<p>El pasado mi\u00e9rcoles d\u00eda 19, se procedi\u00f3 al desmontaje del puente sobre la A-3 a la altura de Manises, compuesto por 12 vigas de 23 metros y 70 toneladas de peso, y otras 6 vigas de 12 metros de longitud y 35 toneladas de peso. El corte de carretera comenz\u00f3 a las 21:00, quedando el [&hellip;]<\/p>\n","protected":false},"author":1,"featured_media":2784,"comment_status":"closed","ping_status":"open","sticky":false,"template":"","format":"gallery","meta":{"jetpack_post_was_ever_published":false,"footnotes":"","jetpack_publicize_message":"","jetpack_is_tweetstorm":false,"jetpack_publicize_feature_enabled":true},"categories":[38,9],"tags":[42,39,43,40,16,41],"class_list":["post-2776","post","type-post","status-publish","format-gallery","has-post-thumbnail","hentry","category-proyectos-realizados","category-uncategorized","tag-grua-valencia","tag-gruas","tag-gruas-autopropulsadas","tag-gruas-bonet","tag-prefabricado","tag-puente","post_format-post-format-gallery"],"jetpack_publicize_connections":[],"jetpack_featured_media_url":"https:\/\/www.gruasbonet.es\/wp-content\/uploads\/2015\/08\/570.png","jetpack_sharing_enabled":true,"jetpack_shortlink":"https:\/\/wp.me\/p5kur1-IM","jetpack-related-posts":[{"id":2964,"url":"https:\/\/www.gruasbonet.es\/?p=2964","url_meta":{"origin":2776,"position":0},"title":"Montaje de vigas de 45 metros para Construcciones Eliseo Pla","date":"16 febrero, 2018","format":"video","excerpt":"A continuaci\u00f3n os dejo un video realizado Por construcciones Eliseo Pla, en el que montamos unas vigas de 45 metros de largas y 80 toneladas de peso.","rel":"","context":"En \u00abproyectos realizados\u00bb","img":{"alt_text":"","src":"","width":0,"height":0},"classes":[]},{"id":39,"url":"https:\/\/www.gruasbonet.es\/?p=39","url_meta":{"origin":2776,"position":1},"title":"Un poco de historia","date":"28 marzo, 2014","format":"gallery","excerpt":"D. Alonso Bonet funda Gruas Bonet en el a\u00f1o 1957. \u00a0Sus comienzos fueron \u00a0en un peque\u00f1o taller, dedicado a la reconstrucci\u00f3n y reparaci\u00f3n de autom\u00f3viles, y vi\u00e9ndose en la necesidad de transportar estos veh\u00edculos hasta su taller, procedi\u00f3 a transformar un veh\u00edculo en gr\u00faa de remolcar siendo los or\u00edgenes de\u2026","rel":"","context":"En \u00abSin categor\u00eda\u00bb","img":{"alt_text":"","src":"https:\/\/i0.wp.com\/www.gruasbonet.es\/wp-content\/uploads\/2014\/03\/REO-MONTANDO-SILOS1.jpg?resize=350%2C200&ssl=1","width":350,"height":200},"classes":[]},{"id":3389,"url":"https:\/\/www.gruasbonet.es\/?p=3389","url_meta":{"origin":2776,"position":2},"title":"DIGITALIZA-CV &#8211; SUBVENCIONES PARA PROYECTOS DE DIGITALIZACI\u00d3N DE PYME 2021","date":"3 marzo, 2022","format":false,"excerpt":"Proyecto cofinanciado por la Uni\u00f3n Europea a trav\u00e9s del Fondo Europeo de Desarrollo Regional, dentro del Programa Operativo de la Comunidad Valenciana 2014-2020","rel":"","context":"En \u00abLatest News\u00bb","img":{"alt_text":"","src":"","width":0,"height":0},"classes":[]},{"id":2968,"url":"https:\/\/www.gruasbonet.es\/?p=2968","url_meta":{"origin":2776,"position":3},"title":"Montaje atomizador en Azulmed, Xilxes","date":"16 febrero, 2018","format":"video","excerpt":"Aqu\u00ed os dejo un previo del video del montaje del atomizador en las instalaciones de Azulmed en Xilxes. Un gran trabajo en equipo. \u00a0","rel":"","context":"En \u00abproyectos realizados\u00bb","img":{"alt_text":"","src":"","width":0,"height":0},"classes":[]},{"id":42,"url":"https:\/\/www.gruasbonet.es\/?p=42","url_meta":{"origin":2776,"position":4},"title":"Rescate de ballena","date":"28 marzo, 2014","format":"gallery","excerpt":"El rescate por parte de GRUAS BONET\u00a0 de la ballena varada en Puerto de Valencia, se convirti\u00f3 en una maniobra m\u00e1s delicada de lo que se pod\u00eda esperar a priori. Tras comprobar el estado de la misma, se tuvo que realizar una embragada doble con cintas anchas, ya que se\u2026","rel":"","context":"En \u00abSin categor\u00eda\u00bb","img":{"alt_text":"","src":"https:\/\/i0.wp.com\/www.gruasbonet.es\/wp-content\/uploads\/2014\/03\/IMG_7521-e1415796899166.jpg?resize=350%2C200&ssl=1","width":350,"height":200},"classes":[]},{"id":2260,"url":"https:\/\/www.gruasbonet.es\/?p=2260","url_meta":{"origin":2776,"position":5},"title":"colocaci\u00f3n de prefabricado Eliseo pla","date":"31 octubre, 2014","format":"gallery","excerpt":"Tras estudiar los trabajos a ejecutar en la obra de Eliseo Pla, se colocaron las placas de forjado de 3,5 t. de peso, salvando el enjambre de vigas existentes, con la ayuda de una autocargante con plataforma para poder colocarlas dentro de la obra, y que en colaboraci\u00f3n la gr\u00faa\u2026","rel":"","context":"En \u00abeliseo pla\u00bb","img":{"alt_text":"","src":"https:\/\/i0.wp.com\/www.gruasbonet.es\/wp-content\/uploads\/2014\/10\/20141017_1204371-e1415793792338.jpg?resize=350%2C200&ssl=1","width":350,"height":200},"classes":[]}],"jetpack_likes_enabled":true,"_links":{"self":[{"href":"https:\/\/www.gruasbonet.es\/index.php?rest_route=\/wp\/v2\/posts\/2776","targetHints":{"allow":["GET"]}}],"collection":[{"href":"https:\/\/www.gruasbonet.es\/index.php?rest_route=\/wp\/v2\/posts"}],"about":[{"href":"https:\/\/www.gruasbonet.es\/index.php?rest_route=\/wp\/v2\/types\/post"}],"author":[{"embeddable":true,"href":"https:\/\/www.gruasbonet.es\/index.php?rest_route=\/wp\/v2\/users\/1"}],"replies":[{"embeddable":true,"href":"https:\/\/www.gruasbonet.es\/index.php?rest_route=%2Fwp%2Fv2%2Fcomments&post=2776"}],"version-history":[{"count":7,"href":"https:\/\/www.gruasbonet.es\/index.php?rest_route=\/wp\/v2\/posts\/2776\/revisions"}],"predecessor-version":[{"id":2792,"href":"https:\/\/www.gruasbonet.es\/index.php?rest_route=\/wp\/v2\/posts\/2776\/revisions\/2792"}],"wp:featuredmedia":[{"embeddable":true,"href":"https:\/\/www.gruasbonet.es\/index.php?rest_route=\/wp\/v2\/media\/2784"}],"wp:attachment":[{"href":"https:\/\/www.gruasbonet.es\/index.php?rest_route=%2Fwp%2Fv2%2Fmedia&parent=2776"}],"wp:term":[{"taxonomy":"category","embeddable":true,"href":"https:\/\/www.gruasbonet.es\/index.php?rest_route=%2Fwp%2Fv2%2Fcategories&post=2776"},{"taxonomy":"post_tag","embeddable":true,"href":"https:\/\/www.gruasbonet.es\/index.php?rest_route=%2Fwp%2Fv2%2Ftags&post=2776"}],"curies":[{"name":"wp","href":"https:\/\/api.w.org\/{rel}","templated":true}]}}