{"id":2718,"date":"2014-12-03T13:38:41","date_gmt":"2014-12-03T12:38:41","guid":{"rendered":"http:\/\/www.gruasbonet.es\/?p=2718"},"modified":"2014-12-03T14:09:25","modified_gmt":"2014-12-03T13:09:25","slug":"grupo-vossloh-pone-a-la-venta-su-negocio-en-espana-radicado-en-valencia","status":"publish","type":"post","link":"https:\/\/www.gruasbonet.es\/?p=2718","title":{"rendered":"Grupo Vossloh pone a la venta su negocio en Espa\u00f1a, radicado en Valencia"},"content":{"rendered":"<p><a href=\"http:\/\/www.gruasbonet.es\/wp-content\/uploads\/2014\/12\/vossloh.jpg\"><img loading=\"lazy\" decoding=\"async\" data-attachment-id=\"2721\" data-permalink=\"https:\/\/www.gruasbonet.es\/?attachment_id=2721\" data-orig-file=\"https:\/\/www.gruasbonet.es\/wp-content\/uploads\/2014\/12\/vossloh.jpg\" data-orig-size=\"575,383\" data-comments-opened=\"0\" data-image-meta=\"{&quot;aperture&quot;:&quot;0&quot;,&quot;credit&quot;:&quot;&quot;,&quot;camera&quot;:&quot;&quot;,&quot;caption&quot;:&quot;&quot;,&quot;created_timestamp&quot;:&quot;0&quot;,&quot;copyright&quot;:&quot;&quot;,&quot;focal_length&quot;:&quot;0&quot;,&quot;iso&quot;:&quot;0&quot;,&quot;shutter_speed&quot;:&quot;0&quot;,&quot;title&quot;:&quot;&quot;,&quot;orientation&quot;:&quot;1&quot;}\" data-image-title=\"vossloh\" data-image-description=\"\" data-image-caption=\"\" data-medium-file=\"https:\/\/www.gruasbonet.es\/wp-content\/uploads\/2014\/12\/vossloh-300x199.jpg\" data-large-file=\"https:\/\/www.gruasbonet.es\/wp-content\/uploads\/2014\/12\/vossloh.jpg\" class=\"alignnone size-full wp-image-2721\" src=\"http:\/\/www.gruasbonet.es\/wp-content\/uploads\/2014\/12\/vossloh.jpg\" alt=\"vossloh\" width=\"575\" height=\"383\" srcset=\"https:\/\/www.gruasbonet.es\/wp-content\/uploads\/2014\/12\/vossloh.jpg 575w, https:\/\/www.gruasbonet.es\/wp-content\/uploads\/2014\/12\/vossloh-300x199.jpg 300w\" sizes=\"auto, (max-width: 575px) 100vw, 575px\" \/><\/a><\/p>\n","protected":false},"excerpt":{"rendered":"","protected":false},"author":1,"featured_media":2721,"comment_status":"closed","ping_status":"open","sticky":false,"template":"","format":"link","meta":{"jetpack_post_was_ever_published":false,"footnotes":"","jetpack_publicize_message":"Grupo Vossloh pone a la venta su negocio en Espa\u00f1a, radicado en Valencia","jetpack_is_tweetstorm":false,"jetpack_publicize_feature_enabled":true},"categories":[1],"tags":[],"class_list":["post-2718","post","type-post","status-publish","format-link","has-post-thumbnail","hentry","category-sin-categoria","post_format-post-format-link"],"jetpack_publicize_connections":[],"jetpack_featured_media_url":"https:\/\/www.gruasbonet.es\/wp-content\/uploads\/2014\/12\/vossloh.jpg","jetpack_sharing_enabled":true,"jetpack_shortlink":"https:\/\/wp.me\/p5kur1-HQ","jetpack-related-posts":[{"id":42,"url":"https:\/\/www.gruasbonet.es\/?p=42","url_meta":{"origin":2718,"position":0},"title":"Rescate de ballena","date":"28 marzo, 2014","format":"gallery","excerpt":"El rescate por parte de GRUAS BONET\u00a0 de la ballena varada en Puerto de Valencia, se convirti\u00f3 en una maniobra m\u00e1s delicada de lo que se pod\u00eda esperar a priori. Tras comprobar el estado de la misma, se tuvo que realizar una embragada doble con cintas anchas, ya que se\u2026","rel":"","context":"En \u00abSin categor\u00eda\u00bb","img":{"alt_text":"","src":"https:\/\/i0.wp.com\/www.gruasbonet.es\/wp-content\/uploads\/2014\/03\/IMG_7521-e1415796899166.jpg?resize=350%2C200&ssl=1","width":350,"height":200},"classes":[]},{"id":39,"url":"https:\/\/www.gruasbonet.es\/?p=39","url_meta":{"origin":2718,"position":1},"title":"Un poco de historia","date":"28 marzo, 2014","format":"gallery","excerpt":"D. Alonso Bonet funda Gruas Bonet en el a\u00f1o 1957. \u00a0Sus comienzos fueron \u00a0en un peque\u00f1o taller, dedicado a la reconstrucci\u00f3n y reparaci\u00f3n de autom\u00f3viles, y vi\u00e9ndose en la necesidad de transportar estos veh\u00edculos hasta su taller, procedi\u00f3 a transformar un veh\u00edculo en gr\u00faa de remolcar siendo los or\u00edgenes de\u2026","rel":"","context":"En \u00abSin categor\u00eda\u00bb","img":{"alt_text":"","src":"https:\/\/i0.wp.com\/www.gruasbonet.es\/wp-content\/uploads\/2014\/03\/REO-MONTANDO-SILOS1.jpg?resize=350%2C200&ssl=1","width":350,"height":200},"classes":[]},{"id":3402,"url":"https:\/\/www.gruasbonet.es\/?p=3402","url_meta":{"origin":2718,"position":2},"title":"Oferta de Empleo.","date":"3 marzo, 2022","format":false,"excerpt":"El grupo Bonet, en su nueva ampliaci\u00f3n de flota, oferta nuevas plazas de empleo en los diversos departamentos descritos a continuaci\u00f3n: 5 plazas de operador de gr\u00faa m\u00f3vil autopropulsada.* ***5 plazas de operador de gr\u00faa hidr\u00e1ulica articulada.** ***3 plazas de conductor\/mec\u00e1nico de transporte especial.***2 plazas de mec\u00e1nico. 10 plazas de\u2026","rel":"","context":"En \u00abSin categor\u00eda\u00bb","img":{"alt_text":"","src":"https:\/\/i0.wp.com\/www.gruasbonet.es\/wp-content\/uploads\/2014\/10\/logoweb21.png?resize=350%2C200&ssl=1","width":350,"height":200},"classes":[]},{"id":3389,"url":"https:\/\/www.gruasbonet.es\/?p=3389","url_meta":{"origin":2718,"position":3},"title":"DIGITALIZA-CV &#8211; SUBVENCIONES PARA PROYECTOS DE DIGITALIZACI\u00d3N DE PYME 2021","date":"3 marzo, 2022","format":false,"excerpt":"Proyecto cofinanciado por la Uni\u00f3n Europea a trav\u00e9s del Fondo Europeo de Desarrollo Regional, dentro del Programa Operativo de la Comunidad Valenciana 2014-2020","rel":"","context":"En \u00abLatest News\u00bb","img":{"alt_text":"","src":"","width":0,"height":0},"classes":[]},{"id":2776,"url":"https:\/\/www.gruasbonet.es\/?p=2776","url_meta":{"origin":2718,"position":4},"title":"Desmontaje puente de Manises sobre la A-3","date":"21 agosto, 2015","format":"gallery","excerpt":"El pasado mi\u00e9rcoles d\u00eda 19, se procedi\u00f3 al desmontaje del puente sobre la A-3 a la altura de Manises, compuesto por 12 vigas de 23 metros y 70 toneladas de peso, y otras 6 vigas de 12 metros de longitud y 35 toneladas de peso. El corte de carretera comenz\u00f3\u2026","rel":"","context":"En \u00abproyectos realizados\u00bb","img":{"alt_text":"","src":"https:\/\/i0.wp.com\/www.gruasbonet.es\/wp-content\/uploads\/2015\/08\/570.png?resize=350%2C200&ssl=1","width":350,"height":200},"classes":[]},{"id":2968,"url":"https:\/\/www.gruasbonet.es\/?p=2968","url_meta":{"origin":2718,"position":5},"title":"Montaje atomizador en Azulmed, Xilxes","date":"16 febrero, 2018","format":"video","excerpt":"Aqu\u00ed os dejo un previo del video del montaje del atomizador en las instalaciones de Azulmed en Xilxes. Un gran trabajo en equipo. \u00a0","rel":"","context":"En \u00abproyectos realizados\u00bb","img":{"alt_text":"","src":"","width":0,"height":0},"classes":[]}],"jetpack_likes_enabled":true,"_links":{"self":[{"href":"https:\/\/www.gruasbonet.es\/index.php?rest_route=\/wp\/v2\/posts\/2718","targetHints":{"allow":["GET"]}}],"collection":[{"href":"https:\/\/www.gruasbonet.es\/index.php?rest_route=\/wp\/v2\/posts"}],"about":[{"href":"https:\/\/www.gruasbonet.es\/index.php?rest_route=\/wp\/v2\/types\/post"}],"author":[{"embeddable":true,"href":"https:\/\/www.gruasbonet.es\/index.php?rest_route=\/wp\/v2\/users\/1"}],"replies":[{"embeddable":true,"href":"https:\/\/www.gruasbonet.es\/index.php?rest_route=%2Fwp%2Fv2%2Fcomments&post=2718"}],"version-history":[{"count":5,"href":"https:\/\/www.gruasbonet.es\/index.php?rest_route=\/wp\/v2\/posts\/2718\/revisions"}],"predecessor-version":[{"id":2724,"href":"https:\/\/www.gruasbonet.es\/index.php?rest_route=\/wp\/v2\/posts\/2718\/revisions\/2724"}],"wp:featuredmedia":[{"embeddable":true,"href":"https:\/\/www.gruasbonet.es\/index.php?rest_route=\/wp\/v2\/media\/2721"}],"wp:attachment":[{"href":"https:\/\/www.gruasbonet.es\/index.php?rest_route=%2Fwp%2Fv2%2Fmedia&parent=2718"}],"wp:term":[{"taxonomy":"category","embeddable":true,"href":"https:\/\/www.gruasbonet.es\/index.php?rest_route=%2Fwp%2Fv2%2Fcategories&post=2718"},{"taxonomy":"post_tag","embeddable":true,"href":"https:\/\/www.gruasbonet.es\/index.php?rest_route=%2Fwp%2Fv2%2Ftags&post=2718"}],"curies":[{"name":"wp","href":"https:\/\/api.w.org\/{rel}","templated":true}]}}